{"id":443,"date":"2019-07-14T18:05:25","date_gmt":"2019-07-14T17:05:25","guid":{"rendered":"http:\/\/gruenejugend-kiel.de\/?p=443"},"modified":"2019-07-14T18:05:25","modified_gmt":"2019-07-14T17:05:25","slug":"unsere-neue-sprecherin-nelly","status":"publish","type":"post","link":"https:\/\/gruenejugend-kiel.de\/?p=443","title":{"rendered":"Unsere neue Sprecherin: Nelly"},"content":{"rendered":"<p>Hallo Ihr Lieben,<\/p>\n<p>ich bin Nelly, 22 und freue mich sehr, in der kommenden Zeit die GJ Kiel als Sprecherin vertreten zu d\u00fcrfen! Als Studentin der Sozialen Arbeit m\u00f6chte ich f\u00fcr eine Politik k\u00e4mpfen, die sich st\u00e4rker gegen soziale Ungleichheit und f\u00fcr die Eingebundenheit aller ins gesellschaftliche Leben einsetzt. Als Gr\u00fcne Jugend k\u00f6nnen wir Sichtbarkeit f\u00fcr Minderheiten schaffen und uns f\u00fcr die St\u00e4rkung ihrer Rechte einsetzen.<\/p>\n<p>Da die Klimakrise immer mehr ins Zentrum politischer Diskussionen zieht, haben wir gerade jetzt die Chance, mit st\u00e4rkeren\u00a0 Herangehensweisen an die Klimakrise geh\u00f6rt zu werden. Deshalb bin ich sehr motiviert, Veranstaltungen zu planen und unsere Forderungen nach au\u00dfen zu vertreten.<br \/>\nIch bin gespannt auf den neuen Vorstand und alles, was wir als Gr\u00fcne Jugend in den n\u00e4chsten Monaten auf die Beine gestellt bekommen!<\/p>\n","protected":false},"excerpt":{"rendered":"<p>Hallo Ihr Lieben, ich bin Nelly, 22 und freue mich sehr, in der kommenden Zeit die GJ Kiel als Sprecherin vertreten zu d\u00fcrfen! Als Studentin der Sozialen Arbeit m\u00f6chte ich f\u00fcr eine Politik k\u00e4mpfen, die sich st\u00e4rker gegen soziale Ungleichheit und f\u00fcr die Eingebundenheit aller ins gesellschaftliche Leben einsetzt. Als Gr\u00fcne Jugend k\u00f6nnen wir Sichtbarkeit [&hellip;]<\/p>\n","protected":false},"author":1,"featured_media":427,"comment_status":"open","ping_status":"open","sticky":false,"template":"","format":"standard","meta":{"footnotes":""},"categories":[4],"tags":[],"class_list":["post-443","post","type-post","status-publish","format-standard","has-post-thumbnail","hentry","category-news"],"jetpack_featured_media_url":"https:\/\/gruenejugend-kiel.de\/wp-content\/uploads\/2019\/07\/GJ-Vorstand3.png","_links":{"self":[{"href":"https:\/\/gruenejugend-kiel.de\/index.php?rest_route=\/wp\/v2\/posts\/443","targetHints":{"allow":["GET"]}}],"collection":[{"href":"https:\/\/gruenejugend-kiel.de\/index.php?rest_route=\/wp\/v2\/posts"}],"about":[{"href":"https:\/\/gruenejugend-kiel.de\/index.php?rest_route=\/wp\/v2\/types\/post"}],"author":[{"embeddable":true,"href":"https:\/\/gruenejugend-kiel.de\/index.php?rest_route=\/wp\/v2\/users\/1"}],"replies":[{"embeddable":true,"href":"https:\/\/gruenejugend-kiel.de\/index.php?rest_route=%2Fwp%2Fv2%2Fcomments&post=443"}],"version-history":[{"count":1,"href":"https:\/\/gruenejugend-kiel.de\/index.php?rest_route=\/wp\/v2\/posts\/443\/revisions"}],"predecessor-version":[{"id":444,"href":"https:\/\/gruenejugend-kiel.de\/index.php?rest_route=\/wp\/v2\/posts\/443\/revisions\/444"}],"wp:featuredmedia":[{"embeddable":true,"href":"https:\/\/gruenejugend-kiel.de\/index.php?rest_route=\/wp\/v2\/media\/427"}],"wp:attachment":[{"href":"https:\/\/gruenejugend-kiel.de\/index.php?rest_route=%2Fwp%2Fv2%2Fmedia&parent=443"}],"wp:term":[{"taxonomy":"category","embeddable":true,"href":"https:\/\/gruenejugend-kiel.de\/index.php?rest_route=%2Fwp%2Fv2%2Fcategories&post=443"},{"taxonomy":"post_tag","embeddable":true,"href":"https:\/\/gruenejugend-kiel.de\/index.php?rest_route=%2Fwp%2Fv2%2Ftags&post=443"}],"curies":[{"name":"wp","href":"https:\/\/api.w.org\/{rel}","templated":true}]}}