{"id":511,"date":"2019-11-02T15:45:06","date_gmt":"2019-11-02T14:45:06","guid":{"rendered":"http:\/\/gruenejugend-kiel.de\/?p=511"},"modified":"2021-01-02T17:27:51","modified_gmt":"2021-01-02T16:27:51","slug":"fuer-legale-sexarbeit-und-eine-verbesserte-unterstuetzung-der-sexarbeiterinnen","status":"publish","type":"post","link":"https:\/\/gruenejugend-kiel.de\/?p=511","title":{"rendered":"F\u00fcr legale Sexarbeit und eine verbesserte Unterst\u00fctzung der Sexarbeiter*innen"},"content":{"rendered":"<div id=\"section_5585_0\" class=\"paragraph lineNumbers\">\n<div class=\"text motionTextFormattings textOrig fixedWidthFont\">\n<p><strong>Die Mitgliederversammlung m\u00f6ge beschlie\u00dfen:<\/strong><\/p>\n<section class=\"privateParagraphNoteHolder\"><\/section>\n<\/div>\n<\/div>\n<div id=\"section_5585_1\" class=\"paragraph lineNumbers\">\n<div class=\"text motionTextFormattings textOrig fixedWidthFont\">\n<p>Sich f\u00fcr eine weiterhin legale Sexarbeit einzusetzen. Um Beratungsangebote und<br \/>\ndie Situation von Sexarbeiter*innen zu verbessern, soll eine Bedarfsermittlung<br \/>\nunter Einbeziehung der Fachberatungsstellen und der in Sexarbeit t\u00e4tigen<br \/>\nPersonen gemacht werden.<\/p>\n<p>Wir verurteilen Menschenhandel und fordern alle Ebenen dazu auf, verst\u00e4rkt gegen<br \/>\nMenschenhandelsnetzwerke vorzugehen. Ein Bleiberecht f\u00fcr Opfer ist im Kampf<br \/>\ngegen Menschenhandel das Mindeste.<\/p>\n<\/div>\n<h3>Begr\u00fcndung:<\/h3>\n<div id=\"section_5586_0\" class=\"paragraph\">\n<div class=\"text motionTextFormattings textOrig\">\n<p>Am 15. Oktober tagte durch Initiierung von Leni Breymeier ein fraktions\u00fcbergreifender Arbeitskreis, der sich mit dem \u201eschwedischen Modell\u201c des Sexkaufverbots auseinandersetzen soll. Zus\u00e4tzlich beschloss die SPD Baden-W\u00fcrttemberg bereits, sich auf dem n\u00e4chsten SPD-Parteitag f\u00fcr die Einf\u00fchrung des sogenannten \u201enordischen Modells\u201c auszusprechen.<\/p>\n<section class=\"privateParagraphNoteHolder\"><\/section>\n<\/div>\n<\/div>\n<div id=\"section_5586_1\" class=\"paragraph\">\n<div class=\"text motionTextFormattings textOrig\">\n<p>Das aus Schweden stammende Gesetzesmodell sieht vor, die Kund*innen von Sexarbeiter*innen zu bestrafen. Obwohl die in der Sexarbeit t\u00e4tigen Personen nicht bestraft werden, zeigt eine Evaluation \u00fcber die Lage in Schweden, dass die Sexarbeiter*innen de facto in die Illegalit\u00e4t abgedr\u00e4ngt werden [1].<\/p>\n<section class=\"privateParagraphNoteHolder\"><\/section>\n<\/div>\n<\/div>\n<div id=\"section_5586_2\" class=\"paragraph\">\n<div class=\"text motionTextFormattings textOrig\">\n<p>Die Fronten der Debatte haben sich verh\u00e4rtet und der Diskurs wird auf Basis von Emotionen und nicht von Fakten gef\u00fchrt. Zudem ist die Debatte bevormundend und bezieht Sexarbeiter*innen nicht ausreichend mit ein. Daher w\u00fcnschen wir uns eine Ermittlung der Bedarfslage unter Einbeziehung der in der Sexarbeit T\u00e4tigen und der zust\u00e4ndigen Fachberatungsstellen.<\/p>\n<section class=\"privateParagraphNoteHolder\"><\/section>\n<\/div>\n<\/div>\n<div id=\"section_5586_3\" class=\"paragraph\">\n<div class=\"text motionTextFormattings textOrig\">\n<p>Das Gesetz verletzt das Selbstbestimmungsrecht. Solch ein Gesetz kann nicht feministisch sein. Das Gesetz differenziert nicht zwischen Menschen, die von Ausbeutung betroffen sind und Menschen, die sich frei dazu entscheiden, den Beruf auszuf\u00fchren. Durch die Illegalisierung wird diesen Menschen ihr selbstgew\u00e4hlter Arbeitsplatz genommen oder in die Illegalit\u00e4t abgedr\u00e4ngt. \u201eNormale\u201c Freier*innen bleiben dadurch weg und Sexarbeiter*innen m\u00fcssen aus wirtschaftlichen Gr\u00fcnden auch unangenehme Kund*innen annehmen. Es wird jegliche Form sexueller Dienstleistung verboten, auch beispielsweise sexuelle Assistenz f\u00fcr Menschen mit Behinderungen.<\/p>\n<section class=\"privateParagraphNoteHolder\"><\/section>\n<\/div>\n<\/div>\n<div id=\"section_5586_4\" class=\"paragraph\">\n<div class=\"text motionTextFormattings textOrig\">\n<p>Zwar soll das Gesetz die Sexarbeiter*innen nicht treffen, doch in der Realit\u00e4t f\u00fchrt eine Bestrafung von Freier*innen zu Bespitzelungen von Sexarbeiter*innen durch Polizist*innen und sorgt daf\u00fcr, dass die Sexarbeit an prek\u00e4ren Orten durchgef\u00fchrt wird. Das Gesetz verst\u00e4rkt die bereits vorhandene Stigmatisierung und Ausgrenzung und sorgt f\u00fcr unsichere Arbeitsbedingungen.<\/p>\n<section class=\"privateParagraphNoteHolder\"><\/section>\n<\/div>\n<\/div>\n<div id=\"section_5586_5\" class=\"paragraph\">\n<div class=\"text motionTextFormattings textOrig\">\n<p>F\u00fcr Sexarbeiter*innen, die von Ausbeutung oder wirtschaftlicher Not betroffen sind, wird aufsuchende Sozialarbeit sowie Beratungsarbeit erschwert oder unm\u00f6glich gemacht. Auch die Lage f\u00fcr Menschen, die von Menschenhandel betroffen sind, wird durch ein Verbot nicht verbessert. Statt eines Verbots sollten wirksame gesetzliche Ma\u00dfnahmen wie beispielsweise ein Bleiberecht f\u00fcr Opfer von Menschenhandel eingef\u00fchrt werden.<\/p>\n<section class=\"privateParagraphNoteHolder\"><\/section>\n<\/div>\n<\/div>\n<div id=\"section_5586_6\" class=\"paragraph\">\n<div class=\"text motionTextFormattings textOrig\">\n<p>Ganz egal, ob die Bef\u00fcrworter*innen des schwedischen Modells sich eine Gesellschaft ohne Sexarbeit w\u00fcnschen, das Verbot sorgt nicht daf\u00fcr, dass es Sexarbeit nicht mehr gibt.<\/p>\n<section class=\"privateParagraphNoteHolder\"><\/section>\n<\/div>\n<\/div>\n<div id=\"section_5586_7\" class=\"paragraph\">\n<div class=\"text motionTextFormattings textOrig\">\n<p>[1]:\u00a0<a href=\"https:\/\/missy-magazine.de\/wp-content\/uploads\/2014\/02\/Dodillet_Oestergren_Das_schwedische_Sexkaufverbot.pdf\">https:\/\/missy-magazine.de\/wp-content\/uploads\/2014\/02\/Dodillet_Oestergren_Das_schwedische_Sexkaufverbot.pdf<\/a><\/p>\n<\/div>\n<\/div>\n<\/div>\n","protected":false},"excerpt":{"rendered":"<p>Die Mitgliederversammlung m\u00f6ge beschlie\u00dfen: Sich f\u00fcr eine weiterhin legale Sexarbeit einzusetzen. Um Beratungsangebote und die Situation von Sexarbeiter*innen zu verbessern, soll eine Bedarfsermittlung unter Einbeziehung der Fachberatungsstellen und der in Sexarbeit t\u00e4tigen Personen gemacht werden. Wir verurteilen Menschenhandel und fordern alle Ebenen dazu auf, verst\u00e4rkt gegen Menschenhandelsnetzwerke vorzugehen. Ein Bleiberecht f\u00fcr Opfer ist im Kampf [&hellip;]<\/p>\n","protected":false},"author":1,"featured_media":512,"comment_status":"open","ping_status":"open","sticky":false,"template":"","format":"standard","meta":{"footnotes":""},"categories":[4,18],"tags":[],"class_list":["post-511","post","type-post","status-publish","format-standard","has-post-thumbnail","hentry","category-news","category-beschluesse"],"jetpack_featured_media_url":"https:\/\/gruenejugend-kiel.de\/wp-content\/uploads\/2019\/11\/PSX_20180204_172359.jpg","_links":{"self":[{"href":"https:\/\/gruenejugend-kiel.de\/index.php?rest_route=\/wp\/v2\/posts\/511","targetHints":{"allow":["GET"]}}],"collection":[{"href":"https:\/\/gruenejugend-kiel.de\/index.php?rest_route=\/wp\/v2\/posts"}],"about":[{"href":"https:\/\/gruenejugend-kiel.de\/index.php?rest_route=\/wp\/v2\/types\/post"}],"author":[{"embeddable":true,"href":"https:\/\/gruenejugend-kiel.de\/index.php?rest_route=\/wp\/v2\/users\/1"}],"replies":[{"embeddable":true,"href":"https:\/\/gruenejugend-kiel.de\/index.php?rest_route=%2Fwp%2Fv2%2Fcomments&post=511"}],"version-history":[{"count":1,"href":"https:\/\/gruenejugend-kiel.de\/index.php?rest_route=\/wp\/v2\/posts\/511\/revisions"}],"predecessor-version":[{"id":513,"href":"https:\/\/gruenejugend-kiel.de\/index.php?rest_route=\/wp\/v2\/posts\/511\/revisions\/513"}],"wp:featuredmedia":[{"embeddable":true,"href":"https:\/\/gruenejugend-kiel.de\/index.php?rest_route=\/wp\/v2\/media\/512"}],"wp:attachment":[{"href":"https:\/\/gruenejugend-kiel.de\/index.php?rest_route=%2Fwp%2Fv2%2Fmedia&parent=511"}],"wp:term":[{"taxonomy":"category","embeddable":true,"href":"https:\/\/gruenejugend-kiel.de\/index.php?rest_route=%2Fwp%2Fv2%2Fcategories&post=511"},{"taxonomy":"post_tag","embeddable":true,"href":"https:\/\/gruenejugend-kiel.de\/index.php?rest_route=%2Fwp%2Fv2%2Ftags&post=511"}],"curies":[{"name":"wp","href":"https:\/\/api.w.org\/{rel}","templated":true}]}}