{"id":718,"date":"2021-02-16T00:28:57","date_gmt":"2021-02-15T23:28:57","guid":{"rendered":"http:\/\/gruenejugend-kiel.de\/?p=718"},"modified":"2021-02-16T00:28:57","modified_gmt":"2021-02-15T23:28:57","slug":"wir-haben-einen-neuen-vorstand-2","status":"publish","type":"post","link":"https:\/\/gruenejugend-kiel.de\/?p=718","title":{"rendered":"Wir haben einen neuen Vorstand!"},"content":{"rendered":"<p>Die Gr\u00fcne Jugend Kiel hat bei ihrer ersten digitalen Jahreshauptversammlung einen<br \/>\nneuen Vorstand gew\u00e4hlt. Dabei wurden die Sprecher*innen Nelly Waldeck und<br \/>\nLars Brommann erneut gew\u00e4hlt.<\/p>\n<p>Dazu Nelly Waldeck: \u201cIch freue mich, die Gr\u00fcne Jugend Kiel durch dieses politisch<br \/>\nspannende Jahr leiten zu d\u00fcrfen. Vor uns stehen Wahlk\u00e4mpfe, in denen die Gr\u00fcnen<br \/>\neine v\u00f6llig neue Rolle spielen werden. Als Gr\u00fcne Jugend sehe ich unsere Aufgabe<br \/>\ndarin, diese Wahl und die anschlie\u00dfenden Koalitionsverhandlungen aufmerksam<br \/>\nzu verfolgen und klar zu machen, wo wir keine Kompromisse mehr eingehen k\u00f6nnen.\u201d<\/p>\n<p>Lars Brommann f\u00fcgt hinzu: \u201cDie Wahl hat uns viel frischen Wind im Vorstand beschert,<br \/>\nder im Wahljahr 2021 n\u00f6tig ist, um mit innovativen Ideen einen starken<br \/>\nWahlkampf f\u00fchren zu k\u00f6nnen und nat\u00fcrlich freue auch ich mich sehr, weiterhin mit<br \/>\nmeiner Co-Sprecherin Teil dieses Vorstands zu sein. Bis zum September gibt es<br \/>\naber noch genug zu tun. Die Zerst\u00f6rung der Ausgleichsfl\u00e4chen im Pr\u00fcner Schlag<br \/>\nzeigt symbolhaft, wie wichtig es ist, dass wir den Gr\u00fcnen auf die Finger schauen<br \/>\nund Druck machen, wenn, wie beim damaligen Beschluss, falsche Entscheidungen<br \/>\ngetroffen werden. Umso mehr freue ich mich, dass wir auf der Mitgliederversammlung<br \/>\ndirekt einen Beschluss zur Fl\u00e4chenversiegelung gefasst haben, zuk\u00fcnftig<br \/>\nStrafzahlungen bei derartigen Umweltvergehen an den Unternehmensumsatz<br \/>\nzu koppeln.\u201d<\/p>\n<p>Neben den Sprecher*innen wurden alle anderen Posten neu besetzt: Neugew\u00e4hlter<br \/>\nSchatzmeister ist Andr\u00e9 Cornils, politischer Gesch\u00e4ftsf\u00fchrer Finn Pridat und<br \/>\nFINT*-und Genderpolitische Sprecherin Nelli L\u00fccke. Die drei Beisitzposten besetzen<br \/>\nvon nun an Karen Stegelmann, Benedikt Hoppe und Hanna Buchert.<\/p>\n","protected":false},"excerpt":{"rendered":"<p>Die Gr\u00fcne Jugend Kiel hat bei ihrer ersten digitalen Jahreshauptversammlung einen neuen Vorstand gew\u00e4hlt. Dabei wurden die Sprecher*innen Nelly Waldeck und Lars Brommann erneut gew\u00e4hlt. Dazu Nelly Waldeck: \u201cIch freue mich, die Gr\u00fcne Jugend Kiel durch dieses politisch spannende Jahr leiten zu d\u00fcrfen. Vor uns stehen Wahlk\u00e4mpfe, in denen die Gr\u00fcnen eine v\u00f6llig neue Rolle [&hellip;]<\/p>\n","protected":false},"author":10,"featured_media":0,"comment_status":"open","ping_status":"open","sticky":false,"template":"","format":"standard","meta":{"footnotes":""},"categories":[4,5],"tags":[],"class_list":["post-718","post","type-post","status-publish","format-standard","hentry","category-news","category-pressemitteilungen"],"jetpack_featured_media_url":"","_links":{"self":[{"href":"https:\/\/gruenejugend-kiel.de\/index.php?rest_route=\/wp\/v2\/posts\/718","targetHints":{"allow":["GET"]}}],"collection":[{"href":"https:\/\/gruenejugend-kiel.de\/index.php?rest_route=\/wp\/v2\/posts"}],"about":[{"href":"https:\/\/gruenejugend-kiel.de\/index.php?rest_route=\/wp\/v2\/types\/post"}],"author":[{"embeddable":true,"href":"https:\/\/gruenejugend-kiel.de\/index.php?rest_route=\/wp\/v2\/users\/10"}],"replies":[{"embeddable":true,"href":"https:\/\/gruenejugend-kiel.de\/index.php?rest_route=%2Fwp%2Fv2%2Fcomments&post=718"}],"version-history":[{"count":1,"href":"https:\/\/gruenejugend-kiel.de\/index.php?rest_route=\/wp\/v2\/posts\/718\/revisions"}],"predecessor-version":[{"id":720,"href":"https:\/\/gruenejugend-kiel.de\/index.php?rest_route=\/wp\/v2\/posts\/718\/revisions\/720"}],"wp:attachment":[{"href":"https:\/\/gruenejugend-kiel.de\/index.php?rest_route=%2Fwp%2Fv2%2Fmedia&parent=718"}],"wp:term":[{"taxonomy":"category","embeddable":true,"href":"https:\/\/gruenejugend-kiel.de\/index.php?rest_route=%2Fwp%2Fv2%2Fcategories&post=718"},{"taxonomy":"post_tag","embeddable":true,"href":"https:\/\/gruenejugend-kiel.de\/index.php?rest_route=%2Fwp%2Fv2%2Ftags&post=718"}],"curies":[{"name":"wp","href":"https:\/\/api.w.org\/{rel}","templated":true}]}}