{"id":809,"date":"2021-03-24T09:33:39","date_gmt":"2021-03-24T08:33:39","guid":{"rendered":"http:\/\/gruenejugend-kiel.de\/?p=809"},"modified":"2021-03-24T09:33:39","modified_gmt":"2021-03-24T08:33:39","slug":"so-sieht-kein-wissenschaftlicher-diskurs-aus-kritik-an-wielers-aeusserungen","status":"publish","type":"post","link":"https:\/\/gruenejugend-kiel.de\/?p=809","title":{"rendered":"So sieht kein wissenschaftlicher Diskurs aus &#8211; Kritik an Wielers \u00c4u\u00dferungen"},"content":{"rendered":"<div data-canvas-width=\"342.368\">So sieht wissenschaftlicher Diskurs nicht aus!<\/div>\n<div data-canvas-width=\"634.3792\">Die Gr\u00fcne Jugend Kiel kommentiert das Statement von Lothar Wieler, den Artikel der Bildzeitung und die daraus entstandene Debatte.<\/div>\n<div data-canvas-width=\"243.21439999999998\"><\/div>\n<div data-canvas-width=\"534.1120000000002\">Hierzu \u00e4u\u00dfert sich Andr\u00e9 Cornils, Vorstandsmitglied der Gr\u00fcnen Jugend Kiel:<\/div>\n<div data-canvas-width=\"101.272\">\u201cDie Aussagen\u00a0von RKI-Pr\u00e4sident Wieler und sein Sprachgebrauch tragen nicht gerade zu einem gesamtgesellschaftlichen Zusammenhalt bei, den es in Zeiten einer globalen Pandemie und einer humanit\u00e4ren\u00a0Krise braucht. Vielmehr ist es \u00e4u\u00dferst bedenklich, dass der Vertreter einer Bundesoberbeh\u00f6rde\u00a0ohne jegliche statistische Belegbarkeit einen Zusammenhang zwischen einem Migrationshintergrund und einer daraus resultierenden Sprachbarriere zieht, die daf\u00fcr verantwortlich sei, dass\u00a0ein relativ gro\u00dfer Anteil von COVID-Intensivpatient*innen einen Migrationshintergrund hat. Wir\u00a0sehen jene Aussage kritisch und f\u00fcr nicht zielf\u00fchrend. Aufgabe der politischen Akteur*innen und<\/div>\n<div data-canvas-width=\"636.64\">des Robert-Koch-Instituts muss es sein, dem Zusammenhang zwischen sozio\u00f6konomischen\u00a0Status und schweren COVID-Verl\u00e4ufen etwas entgegenzusetzen.\u201d<\/div>\n<div data-canvas-width=\"636.64\"><\/div>\n<div data-canvas-width=\"410.992\">Nelly Waldeck, Sprecherin der Gr\u00fcnen Jugend Kiel erg\u00e4nzt:<\/div>\n<div data-canvas-width=\"213.24800000000005\">\u201cDie Einsch\u00e4tzung \u00fcber den Migrationshintergrund von Covid-19 Patient*innen ging aus Berichten dreier Intensivstation hervor<\/div>\n<div data-canvas-width=\"633.9104\">und folgte keinerlei Erhebung. Es wurde also augenscheinlich anhand der Hautfarbe gemutma\u00dft,\u00a0ob die Betroffenen einen Migrationshintergrund haben. Allein das ist h\u00f6chst fragw\u00fcrdig. Daraus\u00a0allerdings ohne jeglicher Erhebung Sprachbarrieren zu folgern und von Parallelgesellschaften zu\u00a0 sprechen, die nicht erreichbar seien, ist wissenschaftlich eine absolute Blamage. Anstatt einer<\/div>\n<div data-canvas-width=\"635.5967999999999\">Rechtfertigung \u00e0 la \u201ces war nur eine \u00dcberlegung\u201d w\u00e4re es sinnvoller, mit einer repr\u00e4sentativen\u00a0Datenlage die tats\u00e4chlichen Ursachen f\u00fcr erh\u00f6hte Erkrankungsraten in Bev\u00f6lkerungsteilen zu\u00a0untersuchen. Dabei k\u00f6nnte auf den sozio\u00f6konomischen Status, die Arbeitsverh\u00e4ltnisse, das Angewiesensein auf \u00f6ffentliche Fortbewegungsmittel und weitere Ursachen eingegangen werden,\u00a0ohne sich an klischeebehafteten Vorurteilen zu bedienen.\u201d<\/div>\n","protected":false},"excerpt":{"rendered":"<p>So sieht wissenschaftlicher Diskurs nicht aus! Die Gr\u00fcne Jugend Kiel kommentiert das Statement von Lothar Wieler, den Artikel der Bildzeitung und die daraus entstandene Debatte. Hierzu \u00e4u\u00dfert sich Andr\u00e9 Cornils, Vorstandsmitglied der Gr\u00fcnen Jugend Kiel: \u201cDie Aussagen\u00a0von RKI-Pr\u00e4sident Wieler und sein Sprachgebrauch tragen nicht gerade zu einem gesamtgesellschaftlichen Zusammenhalt bei, den es in Zeiten einer [&hellip;]<\/p>\n","protected":false},"author":10,"featured_media":810,"comment_status":"open","ping_status":"open","sticky":false,"template":"","format":"standard","meta":{"footnotes":""},"categories":[4,5],"tags":[57,61,76,75],"class_list":["post-809","post","type-post","status-publish","format-standard","has-post-thumbnail","hentry","category-news","category-pressemitteilungen","tag-corona","tag-covid-19","tag-migrationshintergrund","tag-wieler"],"jetpack_featured_media_url":"https:\/\/gruenejugend-kiel.de\/wp-content\/uploads\/2021\/03\/steven-cornfield-NtVFMrMmxWY-unsplash-scaled.jpg","_links":{"self":[{"href":"https:\/\/gruenejugend-kiel.de\/index.php?rest_route=\/wp\/v2\/posts\/809","targetHints":{"allow":["GET"]}}],"collection":[{"href":"https:\/\/gruenejugend-kiel.de\/index.php?rest_route=\/wp\/v2\/posts"}],"about":[{"href":"https:\/\/gruenejugend-kiel.de\/index.php?rest_route=\/wp\/v2\/types\/post"}],"author":[{"embeddable":true,"href":"https:\/\/gruenejugend-kiel.de\/index.php?rest_route=\/wp\/v2\/users\/10"}],"replies":[{"embeddable":true,"href":"https:\/\/gruenejugend-kiel.de\/index.php?rest_route=%2Fwp%2Fv2%2Fcomments&post=809"}],"version-history":[{"count":1,"href":"https:\/\/gruenejugend-kiel.de\/index.php?rest_route=\/wp\/v2\/posts\/809\/revisions"}],"predecessor-version":[{"id":811,"href":"https:\/\/gruenejugend-kiel.de\/index.php?rest_route=\/wp\/v2\/posts\/809\/revisions\/811"}],"wp:featuredmedia":[{"embeddable":true,"href":"https:\/\/gruenejugend-kiel.de\/index.php?rest_route=\/wp\/v2\/media\/810"}],"wp:attachment":[{"href":"https:\/\/gruenejugend-kiel.de\/index.php?rest_route=%2Fwp%2Fv2%2Fmedia&parent=809"}],"wp:term":[{"taxonomy":"category","embeddable":true,"href":"https:\/\/gruenejugend-kiel.de\/index.php?rest_route=%2Fwp%2Fv2%2Fcategories&post=809"},{"taxonomy":"post_tag","embeddable":true,"href":"https:\/\/gruenejugend-kiel.de\/index.php?rest_route=%2Fwp%2Fv2%2Ftags&post=809"}],"curies":[{"name":"wp","href":"https:\/\/api.w.org\/{rel}","templated":true}]}}