{"id":812,"date":"2021-03-24T09:38:30","date_gmt":"2021-03-24T08:38:30","guid":{"rendered":"http:\/\/gruenejugend-kiel.de\/?p=812"},"modified":"2021-04-07T13:24:57","modified_gmt":"2021-04-07T12:24:57","slug":"enttaeuschung-ueber-die-tarifvertragsabsage-die-caritas-macht-sich-unglaubwuerdig","status":"publish","type":"post","link":"https:\/\/gruenejugend-kiel.de\/?p=812","title":{"rendered":"Entt\u00e4uschung \u00fcber die Tarifvertragsabsage &#8211; Die Caritas macht sich unglaubw\u00fcrdig"},"content":{"rendered":"<div data-canvas-width=\"624.2773333333334\">Die Gr\u00fcne Jugend Kiel kommentiert die Haltung der Caritas zu den bundesweiten Tarifvertr\u00e4gen in der Altenpflege.<\/div>\n<div data-canvas-width=\"631.2453333333332\">Seit Monaten wird \u00fcber die Situation der Altenpflege in Deutschland diskutiert. Nun sollten bundesweite Tarifvertr\u00e4ge f\u00fcr 1,2 Millionen Pfleger*innen kommen. Doch der katholische Arbeitgeber Caritas lehnte die Vertr\u00e4ge ab aus Sorge, damit den Sonderweg f\u00fcr<\/div>\n<div data-canvas-width=\"313.1058666666667\">Kirchen im Arbeitsrecht zu beeintr\u00e4chtigen.<\/div>\n<div data-canvas-width=\"313.1058666666667\"><\/div>\n<div data-canvas-width=\"313.1058666666667\">Hierzu kommentiert Nelly Waldeck, Sprecherin der Gr\u00fcnen Jugend Kiel:<\/div>\n<div data-canvas-width=\"98.42733333333332\">\u201cMit den Tarifvertr\u00e4gen gab es eine einmalige Chance, die Arbeitsbedingungen von Pfleger*innen real\u00a0zu verbessern. Stattdessen lehnt ausgerechnet Caritas die Vertr\u00e4ge ab und beharrt auf\u00a0ihrem rechtlichen Sonderweg. Wie glaubw\u00fcrdig ist eine Kirche, die von N\u00e4chstenliebe und\u00a0finanzieller Demut predigt und zeitgleich Prunkbauten wie in Limburg finanziert? Eine\u00a0Kirche, die Kindern die Aufarbeitung von schwerstem Kindesmissbrauch in den eigenen\u00a0Reihen verspricht und nicht mal das einhalten kann? Und eine Kirche, die soziale Gerech-<\/div>\n<div data-canvas-width=\"637.0693333333334\">tigkeit predigt, aber deren kirchliche Institutionen sich genau gegen diese stellen? Die\u00a0katholische Kirche muss nun beweisen, dass sie im 21. Jahrhundert angekommen ist und\u00a0darf sich solche Verhaltensweisen nicht mehr leisten.\u201d<\/div>\n<div data-canvas-width=\"637.0693333333334\"><\/div>\n<div data-canvas-width=\"434.2173333333334\">Lars Brommann, Sprecher der Gr\u00fcnen Jugend Kiel, erg\u00e4nzt: \u201cDas Sonderrecht auf dem\u00a0Arbeitsmarkt f\u00fcr kirchliche Arbeitgeber ist veraltet und muss reformiert werden. Die Option der Kirchen, Tarifvertr\u00e4ge abzulehnen oder ggf. Streikrechte zu verweigern, befl\u00fcgelt<\/div>\n<div data-canvas-width=\"634.6080000000002\">letztendlich eine Ausbeutung der Angestellten, wie sich jetzt am Beispiel der Altenpflege\u00a0zeigt. Gerade in den heutigen Zeiten wird dieses Berufsfeld immer wichtiger und eine\u00a0Einigung im Tarifstreit mittelfristig unumg\u00e4nglich. Hier h\u00e4tte die Kirche mit viel Symbolkraft und ihren Werten entsprechend vorangehen k\u00f6nnen. Diese R\u00fccksichtslosigkeit gegen\u00fcber den Bed\u00fcrfnissen der eigenen Angestellten legt den Gedanken nah, dass das\u00a0Verh\u00e4ltnis zwischen Staat und Kirche m\u00f6glicherweise grundlegend neu ausverhandelt\u00a0werden muss.\u201d<\/div>\n","protected":false},"excerpt":{"rendered":"<p>Die Gr\u00fcne Jugend Kiel kommentiert die Haltung der Caritas zu den bundesweiten Tarifvertr\u00e4gen in der Altenpflege. Seit Monaten wird \u00fcber die Situation der Altenpflege in Deutschland diskutiert. Nun sollten bundesweite Tarifvertr\u00e4ge f\u00fcr 1,2 Millionen Pfleger*innen kommen. Doch der katholische Arbeitgeber Caritas lehnte die Vertr\u00e4ge ab aus Sorge, damit den Sonderweg f\u00fcr Kirchen im Arbeitsrecht zu [&hellip;]<\/p>\n","protected":false},"author":10,"featured_media":814,"comment_status":"open","ping_status":"open","sticky":false,"template":"","format":"standard","meta":{"footnotes":""},"categories":[4,5],"tags":[77,79,78],"class_list":["post-812","post","type-post","status-publish","format-standard","has-post-thumbnail","hentry","category-news","category-pressemitteilungen","tag-caritas","tag-dritter-weg","tag-kirchliches-arbeitsrecht"],"jetpack_featured_media_url":"https:\/\/gruenejugend-kiel.de\/wp-content\/uploads\/2021\/03\/hands-2906458_1920.jpg","_links":{"self":[{"href":"https:\/\/gruenejugend-kiel.de\/index.php?rest_route=\/wp\/v2\/posts\/812","targetHints":{"allow":["GET"]}}],"collection":[{"href":"https:\/\/gruenejugend-kiel.de\/index.php?rest_route=\/wp\/v2\/posts"}],"about":[{"href":"https:\/\/gruenejugend-kiel.de\/index.php?rest_route=\/wp\/v2\/types\/post"}],"author":[{"embeddable":true,"href":"https:\/\/gruenejugend-kiel.de\/index.php?rest_route=\/wp\/v2\/users\/10"}],"replies":[{"embeddable":true,"href":"https:\/\/gruenejugend-kiel.de\/index.php?rest_route=%2Fwp%2Fv2%2Fcomments&post=812"}],"version-history":[{"count":1,"href":"https:\/\/gruenejugend-kiel.de\/index.php?rest_route=\/wp\/v2\/posts\/812\/revisions"}],"predecessor-version":[{"id":815,"href":"https:\/\/gruenejugend-kiel.de\/index.php?rest_route=\/wp\/v2\/posts\/812\/revisions\/815"}],"wp:featuredmedia":[{"embeddable":true,"href":"https:\/\/gruenejugend-kiel.de\/index.php?rest_route=\/wp\/v2\/media\/814"}],"wp:attachment":[{"href":"https:\/\/gruenejugend-kiel.de\/index.php?rest_route=%2Fwp%2Fv2%2Fmedia&parent=812"}],"wp:term":[{"taxonomy":"category","embeddable":true,"href":"https:\/\/gruenejugend-kiel.de\/index.php?rest_route=%2Fwp%2Fv2%2Fcategories&post=812"},{"taxonomy":"post_tag","embeddable":true,"href":"https:\/\/gruenejugend-kiel.de\/index.php?rest_route=%2Fwp%2Fv2%2Ftags&post=812"}],"curies":[{"name":"wp","href":"https:\/\/api.w.org\/{rel}","templated":true}]}}