{"id":838,"date":"2021-04-19T10:57:55","date_gmt":"2021-04-19T09:57:55","guid":{"rendered":"http:\/\/gruenejugend-kiel.de\/?p=838"},"modified":"2021-04-19T11:00:24","modified_gmt":"2021-04-19T10:00:24","slug":"annalena-baerbock-ist-unsere-kanzlerkandidatin","status":"publish","type":"post","link":"https:\/\/gruenejugend-kiel.de\/?p=838","title":{"rendered":"Annalena Baerbock ist unsere Kanzlerkandidatin!"},"content":{"rendered":"<p><span style=\"font-weight: 400;\">Heute, am Montag den 19.04.2021, wurde Annalena Baerbock als Kanzlerkandidatin von B\u00fcndnis 90\/ Die Gr\u00fcnen vorgestellt und wird die Partei in die n\u00e4chste Bundestagswahl f\u00fchren.<\/span><\/p>\n<p><span style=\"font-weight: 400;\">Hierzu \u00e4u\u00dfert sich Lars Brommann, Sprecher der Gr\u00fcnen Jugend Kiel: \u201cWir freuen uns \u00fcber diese Entscheidung und begr\u00fc\u00dfen die Tatsache, dass der Bundesvorstand sich dazu entschlossen hat, Annalena Baerbock ins Rennen um das Kanzler*innenamt zu schicken.\u00a0 Damit ist unsere Spitzenkandidatin nicht nur die einzige weibliche Kandidatin mit realen Chancen auf dieses Amt. Sie bringt Kompetenz, B\u00fcrger*innenn\u00e4he und F\u00fchrungsst\u00e4rke mit, aber vor allem auch eine \u00fcberw\u00e4ltigende Expertise in der Klima-, Au\u00dfen- und Wirtschaftspolitik. Wir gehen davon aus, dass sie auf der n\u00e4chsten Bundesdelegiertenkonferenz mit \u00fcberw\u00e4ltigender Mehrheit best\u00e4tigt werden wird und freuen uns auf den bevorstehenden Wahlkampf.\u201d<\/span><\/p>\n<p><span style=\"font-weight: 400;\">Nelly Waldeck, Sprecherin der Gr\u00fcnen Jugend Kiel erg\u00e4nzt: \u201cAnnalena ist die einzige Kandidatin mit ernsthaftem Bestreben, die Klimakrise auf 1,5Grad zu begrenzen und eine klimaneutrale Wirtschaft zu gestalten. Dazu hat sie mit ihrem umfassenden Wissen in Industrie-und Au\u00dfenpolitik die notwendigen Voraussetzungen. In der Coronapandemie hat sie gezeigt, dass sie die realen Bed\u00fcrfnisse von B\u00fcrger*innen nachvollziehen und in ihr politisches Handeln integrieren kann. Das zeigt sich auch im Umgang mit der Kanzler*innenfrage: Wir sind froh, dass sich die Gr\u00fcnen gegen einen monatelangen internen Wahlkampf inmitten einer globalen Krise entschieden haben und sind \u00fcberzeugt, dass eine gute Entscheidung gef\u00e4llt wurde!\u201d<\/span><\/p>\n","protected":false},"excerpt":{"rendered":"<p>Heute, am Montag den 19.04.2021, wurde Annalena Baerbock als Kanzlerkandidatin von B\u00fcndnis 90\/ Die Gr\u00fcnen vorgestellt und wird die Partei in die n\u00e4chste Bundestagswahl f\u00fchren. Hierzu \u00e4u\u00dfert sich Lars Brommann, Sprecher der Gr\u00fcnen Jugend Kiel: \u201cWir freuen uns \u00fcber diese Entscheidung und begr\u00fc\u00dfen die Tatsache, dass der Bundesvorstand sich dazu entschlossen hat, Annalena Baerbock ins [&hellip;]<\/p>\n","protected":false},"author":11,"featured_media":839,"comment_status":"open","ping_status":"open","sticky":false,"template":"","format":"standard","meta":{"footnotes":""},"categories":[4,5],"tags":[98,101,100,99,103,104,102,106,105],"class_list":["post-838","post","type-post","status-publish","format-standard","has-post-thumbnail","hentry","category-news","category-pressemitteilungen","tag-baerbock","tag-buendnis-90-die-gruenen","tag-gruene","tag-habeck","tag-kanzler","tag-kanzlerinnenkandidatur","tag-kanzlerin","tag-kanzlerkandidatin","tag-kanzlerkandidatur"],"jetpack_featured_media_url":"https:\/\/gruenejugend-kiel.de\/wp-content\/uploads\/2021\/04\/Pressebild2_Annalena_Baerbock_2021-scaled.jpg","_links":{"self":[{"href":"https:\/\/gruenejugend-kiel.de\/index.php?rest_route=\/wp\/v2\/posts\/838","targetHints":{"allow":["GET"]}}],"collection":[{"href":"https:\/\/gruenejugend-kiel.de\/index.php?rest_route=\/wp\/v2\/posts"}],"about":[{"href":"https:\/\/gruenejugend-kiel.de\/index.php?rest_route=\/wp\/v2\/types\/post"}],"author":[{"embeddable":true,"href":"https:\/\/gruenejugend-kiel.de\/index.php?rest_route=\/wp\/v2\/users\/11"}],"replies":[{"embeddable":true,"href":"https:\/\/gruenejugend-kiel.de\/index.php?rest_route=%2Fwp%2Fv2%2Fcomments&post=838"}],"version-history":[{"count":1,"href":"https:\/\/gruenejugend-kiel.de\/index.php?rest_route=\/wp\/v2\/posts\/838\/revisions"}],"predecessor-version":[{"id":840,"href":"https:\/\/gruenejugend-kiel.de\/index.php?rest_route=\/wp\/v2\/posts\/838\/revisions\/840"}],"wp:featuredmedia":[{"embeddable":true,"href":"https:\/\/gruenejugend-kiel.de\/index.php?rest_route=\/wp\/v2\/media\/839"}],"wp:attachment":[{"href":"https:\/\/gruenejugend-kiel.de\/index.php?rest_route=%2Fwp%2Fv2%2Fmedia&parent=838"}],"wp:term":[{"taxonomy":"category","embeddable":true,"href":"https:\/\/gruenejugend-kiel.de\/index.php?rest_route=%2Fwp%2Fv2%2Fcategories&post=838"},{"taxonomy":"post_tag","embeddable":true,"href":"https:\/\/gruenejugend-kiel.de\/index.php?rest_route=%2Fwp%2Fv2%2Ftags&post=838"}],"curies":[{"name":"wp","href":"https:\/\/api.w.org\/{rel}","templated":true}]}}