{"id":859,"date":"2021-05-12T17:58:53","date_gmt":"2021-05-12T16:58:53","guid":{"rendered":"http:\/\/gruenejugend-kiel.de\/?p=859"},"modified":"2021-05-12T18:05:48","modified_gmt":"2021-05-12T17:05:48","slug":"patentaufhebung-der-impfstoffe","status":"publish","type":"post","link":"https:\/\/gruenejugend-kiel.de\/?p=859","title":{"rendered":"Patentaufhebung der Impfstoffe"},"content":{"rendered":"<p>Die Gr\u00fcne Jugend Kiel unterst\u00fctzt eine sofortige Aufhebung der Patente auf die Covid19-Impfstoffe, um zu gew\u00e4hrleisten, dass der Impfstoff in allen L\u00e4ndern dieser Welt hergestellt und verabreicht werden kann. Diesbez\u00fcglich fordern wir unsere Repr\u00e4sentant*innen im Deutschen Bundestag auf, sich aktiv daf\u00fcr einzusetzen.<\/p>\n<h3>Begr\u00fcndung:<\/h3>\n<div id=\"section_13452_0\" class=\"paragraph\">\n<div class=\"text motionTextFormattings textOrig\">\n<p>Weltweit gibt es auch \u00fcber ein Jahr nach Beginn der Pandemie und einem halben Jahr nach der Verabreichung der ersten Impfdosis viel zu wenig Impfstoff, der dar\u00fcber hinaus fast ausschlie\u00dflich in den reichen Industriestaaten zum Einsatz kommt. Diese ungerechte Verteilung, hervorgerufen durch Profitorientierung, muss beendet werden! Um eine schnellstm\u00f6gliche Impfstoffversorgung f\u00fcr alle zu erm\u00f6glichen, wollen wir uns \u00f6ffentlich explizit f\u00fcr eine Aufhebung der Patente auf die Covid19-Impfstoffe aussprechen.<\/p>\n<p>Die Pharmakonzerne haben f\u00fcr die Impfstoffentwicklung dutzende Millionen an F\u00f6rdermitteln aus der \u00f6ffentlichen Hand erhalten und durch den Verkauf des Impfstoffes rieseige Gewinne gemacht. Eine Aufhebung der Patente w\u00fcrde deshalb keineswegs auf ein Verlustgesch\u00e4ft f\u00fcr die Pharmakonzerne hinauslaufen.<\/p>\n<p>Sollten wir es nicht schaffen, die Corona-Pandemie weltweit in m\u00f6glichst kurzer Zeit zu stoppen, droht uns ein Boomerang-Effekt, bei dem Mutationen, die gegen die Impfung immun sind, zur\u00fcck nach Europa gelangen und alle Ma\u00dfnahmen zur Eind\u00e4mmung und der Fortschritt beim Impfen umsonst waren.<\/p>\n<\/div>\n<\/div>\n","protected":false},"excerpt":{"rendered":"<p>Die Gr\u00fcne Jugend Kiel unterst\u00fctzt eine sofortige Aufhebung der Patente auf die Covid19-Impfstoffe, um zu gew\u00e4hrleisten, dass der Impfstoff in allen L\u00e4ndern dieser Welt hergestellt und verabreicht werden kann. Diesbez\u00fcglich fordern wir unsere Repr\u00e4sentant*innen im Deutschen Bundestag auf, sich aktiv daf\u00fcr einzusetzen. Begr\u00fcndung: Weltweit gibt es auch \u00fcber ein Jahr nach Beginn der Pandemie und [&hellip;]<\/p>\n","protected":false},"author":11,"featured_media":860,"comment_status":"open","ping_status":"open","sticky":false,"template":"","format":"standard","meta":{"footnotes":""},"categories":[4,18],"tags":[110,108,58,109,60],"class_list":["post-859","post","type-post","status-publish","format-standard","has-post-thumbnail","hentry","category-news","category-beschluesse","tag-covid19","tag-impfstoff","tag-impfung","tag-patente","tag-sarscov-2"],"jetpack_featured_media_url":"https:\/\/gruenejugend-kiel.de\/wp-content\/uploads\/2021\/05\/Impfstoffpatente-scaled.jpg","_links":{"self":[{"href":"https:\/\/gruenejugend-kiel.de\/index.php?rest_route=\/wp\/v2\/posts\/859","targetHints":{"allow":["GET"]}}],"collection":[{"href":"https:\/\/gruenejugend-kiel.de\/index.php?rest_route=\/wp\/v2\/posts"}],"about":[{"href":"https:\/\/gruenejugend-kiel.de\/index.php?rest_route=\/wp\/v2\/types\/post"}],"author":[{"embeddable":true,"href":"https:\/\/gruenejugend-kiel.de\/index.php?rest_route=\/wp\/v2\/users\/11"}],"replies":[{"embeddable":true,"href":"https:\/\/gruenejugend-kiel.de\/index.php?rest_route=%2Fwp%2Fv2%2Fcomments&post=859"}],"version-history":[{"count":19,"href":"https:\/\/gruenejugend-kiel.de\/index.php?rest_route=\/wp\/v2\/posts\/859\/revisions"}],"predecessor-version":[{"id":879,"href":"https:\/\/gruenejugend-kiel.de\/index.php?rest_route=\/wp\/v2\/posts\/859\/revisions\/879"}],"wp:featuredmedia":[{"embeddable":true,"href":"https:\/\/gruenejugend-kiel.de\/index.php?rest_route=\/wp\/v2\/media\/860"}],"wp:attachment":[{"href":"https:\/\/gruenejugend-kiel.de\/index.php?rest_route=%2Fwp%2Fv2%2Fmedia&parent=859"}],"wp:term":[{"taxonomy":"category","embeddable":true,"href":"https:\/\/gruenejugend-kiel.de\/index.php?rest_route=%2Fwp%2Fv2%2Fcategories&post=859"},{"taxonomy":"post_tag","embeddable":true,"href":"https:\/\/gruenejugend-kiel.de\/index.php?rest_route=%2Fwp%2Fv2%2Ftags&post=859"}],"curies":[{"name":"wp","href":"https:\/\/api.w.org\/{rel}","templated":true}]}}