{"id":899,"date":"2021-05-12T18:22:41","date_gmt":"2021-05-12T17:22:41","guid":{"rendered":"http:\/\/gruenejugend-kiel.de\/?p=899"},"modified":"2021-05-12T18:22:41","modified_gmt":"2021-05-12T17:22:41","slug":"laubblaeser-schaden-umwelt-und-mensch","status":"publish","type":"post","link":"https:\/\/gruenejugend-kiel.de\/?p=899","title":{"rendered":"Laubbl\u00e4ser schaden Umwelt und Mensch"},"content":{"rendered":"<div id=\"section_13451_0\" class=\"paragraph lineNumbers\">\n<div class=\"text motionTextFormattings textOrig fixedWidthFont\">\n<p>Die Gr\u00fcne Jugend Kiel setzt sich daf\u00fcr ein, dass<\/p>\n<p>&nbsp;<\/p>\n<section class=\"privateParagraphNoteHolder\"><\/section>\n<\/div>\n<\/div>\n<div id=\"section_13451_1\" class=\"paragraph lineNumbers\">\n<div class=\"text motionTextFormattings textOrig fixedWidthFont\">\n<ul>\n<li>die Stadt Kiel die Beseitigung von Laub ausschlie\u00dflich in notwendigen Bereichen, also auf Wegen mit Rutschgefahr anwendet. Auf das Wegblasen von Laub auf Gr\u00fcnfl\u00e4chen sowie auf Waldwegen und Waldpl\u00e4tzen soll vollst\u00e4ndig verzichtet werden. Weiterhin soll auf die Nutzung von Laubbl\u00e4sern und Laubsaugern so weit wie m\u00f6glich verzichtet werden und gegebenenfalls Alternativen wie die Nutzung von Rechen gepr\u00fcft werden.<\/li>\n<li>die private Nutzung von Laubbl\u00e4sern und Laubsaugern im gesamten Gebiet der Stadt Kiel so weitreichend wie m\u00f6glich eingeschr\u00e4nkt wird. Das Bundesministerium f\u00fcr Umweltschutz bezeichnet ein vollst\u00e4ndiges Verbot als rechtlich nicht m\u00f6glich, daher soll die zeitliche Nutzung auf eine Stunde am Tag reduziert werden und eine Informationsbrosch\u00fcre f\u00fcr private Nutzer*innen, welche \u00fcber die Probleme von Laubbl\u00e4sern und Laubsaugern aufkl\u00e4rt, erstellt werden.<\/li>\n<\/ul>\n<h3>Begr\u00fcndung:<\/h3>\n<div id=\"section_13452_0\" class=\"paragraph\">\n<div class=\"text motionTextFormattings textOrig\">\n<p>Laubbl\u00e4ser und Laubsauger erzeugen eine Vielzahl negativer Folgen. Diese sollen hier dargestellt werden:<\/p>\n<section class=\"privateParagraphNoteHolder\"><\/section>\n<\/div>\n<\/div>\n<div id=\"section_13452_1\" class=\"paragraph\">\n<div class=\"text motionTextFormattings textOrig\">\n<p>Laubbl\u00e4ser erreichen eine Lautst\u00e4rke von 80 bis 112 Dezibel, das entspricht in etwa der Lautst\u00e4rke einer Kreiss\u00e4ge oder eines Presslufthammers. Sie fallen damit unter die L\u00e4rmstufe 2, was bedeutet, dass sie potenziell mittel- und langfristige H\u00f6rsch\u00e4den verursachen k\u00f6nnen. W\u00e4hrend Benutzer*innen einen H\u00f6rschutz tragen k\u00f6nnen, sind Anwohner*innen oder Spazierg\u00e4nger*innen dem L\u00e4rm ausgeliefert. Durch Laubbl\u00e4ser wird Feinstaub aufgewirbelt, der laut Jeroen Butlers von der TU M\u00fcnchen 6-10 Mal so viele Partikel aufwirbelt wie ein Rechen. Er bezeichnet Laubbl\u00e4ser durch die Aufwirbelung von kontaminiertem Feinstaub von Mikroben, Pilzen und Tierkot au\u00dferdem als ein potentielles Infektionsrisiko.<\/p>\n<section class=\"privateParagraphNoteHolder\"><\/section>\n<\/div>\n<\/div>\n<div id=\"section_13452_2\" class=\"paragraph\">\n<div class=\"text motionTextFormattings textOrig\">\n<p>Laubbl\u00e4ser mit Verbrennungsmotor haben in der Regel keinen Katalysator, was bedeutet, dass die Schadstoffe ungefiltert in die Umgebung geblasen werden. Der*die Laubbl\u00e4ser*in bekommt diese ungefilterten Schadstoffe direkt ins Gesicht, soweit der Laubbl\u00e4ser ordnungsgem\u00e4\u00df auf Schulterh\u00f6he getragen wird.<\/p>\n<section class=\"privateParagraphNoteHolder\"><\/section>\n<\/div>\n<\/div>\n<div id=\"section_13452_3\" class=\"paragraph\">\n<div class=\"text motionTextFormattings textOrig\">\n<p>Die Luftgeschwindigkeit von Laubbl\u00e4sern betr\u00e4gt um die 160 Km\/h. Damit werden Kleintiere auf dem Grund eingesaugt oder weggeweht. Auf unversiegelten Fl\u00e4chen sind die Auswirkungen noch deutlich problematischer: Laubhaufen bieten Schutz f\u00fcr Igel und V\u00f6gel. Dieser Schutzraum wird entfernt. Das Laub kann den Boden weiterhin vor Frost sch\u00fctzen und gibt dem Boden wichtige N\u00e4hrstoffe, um Humus zu bilden. Das \u00d6kosystem des Bodens wird nachhaltig gesch\u00e4digt, wenn diesem \u00fcber Jahre die Oberschicht entfernt und die Versorgung mit Biomasse unterbrochen wird.<\/p>\n<section class=\"privateParagraphNoteHolder\"><\/section>\n<\/div>\n<\/div>\n<div id=\"section_13452_4\" class=\"paragraph\">\n<div class=\"text motionTextFormattings textOrig\">\n<p>Die elektrisch betriebenen Laubsauger sind zwar leiser, verhindern aber nicht, dass auch bei deren Einsatz auf Stra\u00dfen und Wegen Feinstaub mit Dieselru\u00df und Reifenabrieb aufgewirbelt wird, also krebserregende, sch\u00e4dliche Substanzen, die von den Menschen eingeatmet werden und \u00fcber die Lungenbl\u00e4schen ins Blut gelangen und \u00e4ndern ebenfalls nichts an Auswirkungen auf die Artenvielfalt und Biodiversit\u00e4t. Insofern sind auch diese Ger\u00e4te keine Alternative.<\/p>\n<\/div>\n<\/div>\n<\/div>\n<\/div>\n","protected":false},"excerpt":{"rendered":"<p>Die Gr\u00fcne Jugend Kiel setzt sich daf\u00fcr ein, dass &nbsp; die Stadt Kiel die Beseitigung von Laub ausschlie\u00dflich in notwendigen Bereichen, also auf Wegen mit Rutschgefahr anwendet. Auf das Wegblasen von Laub auf Gr\u00fcnfl\u00e4chen sowie auf Waldwegen und Waldpl\u00e4tzen soll vollst\u00e4ndig verzichtet werden. Weiterhin soll auf die Nutzung von Laubbl\u00e4sern und Laubsaugern so weit wie [&hellip;]<\/p>\n","protected":false},"author":11,"featured_media":900,"comment_status":"open","ping_status":"open","sticky":false,"template":"","format":"standard","meta":{"footnotes":""},"categories":[4,18],"tags":[17,125,127,126],"class_list":["post-899","post","type-post","status-publish","format-standard","has-post-thumbnail","hentry","category-news","category-beschluesse","tag-kiel","tag-laubblaeser","tag-natur","tag-umwelt"],"jetpack_featured_media_url":"https:\/\/gruenejugend-kiel.de\/wp-content\/uploads\/2021\/05\/Laubblaeser.jpg","_links":{"self":[{"href":"https:\/\/gruenejugend-kiel.de\/index.php?rest_route=\/wp\/v2\/posts\/899","targetHints":{"allow":["GET"]}}],"collection":[{"href":"https:\/\/gruenejugend-kiel.de\/index.php?rest_route=\/wp\/v2\/posts"}],"about":[{"href":"https:\/\/gruenejugend-kiel.de\/index.php?rest_route=\/wp\/v2\/types\/post"}],"author":[{"embeddable":true,"href":"https:\/\/gruenejugend-kiel.de\/index.php?rest_route=\/wp\/v2\/users\/11"}],"replies":[{"embeddable":true,"href":"https:\/\/gruenejugend-kiel.de\/index.php?rest_route=%2Fwp%2Fv2%2Fcomments&post=899"}],"version-history":[{"count":2,"href":"https:\/\/gruenejugend-kiel.de\/index.php?rest_route=\/wp\/v2\/posts\/899\/revisions"}],"predecessor-version":[{"id":902,"href":"https:\/\/gruenejugend-kiel.de\/index.php?rest_route=\/wp\/v2\/posts\/899\/revisions\/902"}],"wp:featuredmedia":[{"embeddable":true,"href":"https:\/\/gruenejugend-kiel.de\/index.php?rest_route=\/wp\/v2\/media\/900"}],"wp:attachment":[{"href":"https:\/\/gruenejugend-kiel.de\/index.php?rest_route=%2Fwp%2Fv2%2Fmedia&parent=899"}],"wp:term":[{"taxonomy":"category","embeddable":true,"href":"https:\/\/gruenejugend-kiel.de\/index.php?rest_route=%2Fwp%2Fv2%2Fcategories&post=899"},{"taxonomy":"post_tag","embeddable":true,"href":"https:\/\/gruenejugend-kiel.de\/index.php?rest_route=%2Fwp%2Fv2%2Ftags&post=899"}],"curies":[{"name":"wp","href":"https:\/\/api.w.org\/{rel}","templated":true}]}}