{"id":904,"date":"2021-05-20T19:59:01","date_gmt":"2021-05-20T18:59:01","guid":{"rendered":"http:\/\/gruenejugend-kiel.de\/?p=904"},"modified":"2021-06-04T15:56:41","modified_gmt":"2021-06-04T14:56:41","slug":"feuerwehren-schaetzen-vor-corona-schuetzen","status":"publish","type":"post","link":"https:\/\/gruenejugend-kiel.de\/?p=904","title":{"rendered":"Feuerwehren sch\u00e4tzen und vor Corona sch\u00fctzen"},"content":{"rendered":"<p><span style=\"font-weight: 400;\">Seit dem 10.05.2021 k\u00f6nnen sich Menschen, die in der Impfpriorisierungsgruppe 3 sind, gegen das Coronavirus impfen lassen. Angeh\u00f6rige der Freiwilligen Feuerwehren sind Teil dieser Gruppe. Trotz der Bem\u00fchungen des Landesfeuerwehrverbands Schleswig-Holsteins (LFV-SH) ist das Ministerium f\u00fcr Soziales, Gesundheit, Jugend, Familie und Senioren des Landes Schleswig-Holstein (MSGJFS) nicht bereit, die Feuerwehren bei dem Wunsch nach Erleichterung bei der Terminvergabe zu unterst\u00fctzen. Ziel des LFV-SH war und ist es nicht, den Angeh\u00f6rigen der Feuerwehren eine H\u00f6herpriorisierung zukommen zu lassen oder anderen Menschen aus der Gruppe 3 Impfdosen \u201cwegzunehmen\u201d. Der LFV-SH schlug<\/span><\/p>\n<ul>\n<li style=\"font-weight: 400;\" aria-level=\"1\"><span style=\"font-weight: 400;\">Individuelle Absprachen mit Impfzentren, wonach am Ende eines Tages Restdosen an Mitglieder der Feuerwehren und anderen Hilfsorganisationen (THW, DRK, DLRG, etc.) verimpft werden sollen sowie<\/span><\/li>\n<li style=\"font-weight: 400;\" aria-level=\"1\"><span style=\"font-weight: 400;\">Sammeltermine in Impfzentren au\u00dferhalb deren regul\u00e4ren \u00d6ffnungszeiten oder in eigenen Impfstra\u00dfen mit Sonderkontingenten an Impfstoff vor. Hierzu gab es bereits ausgearbeitete Konzepte, z.B. im Kreis Herzogtum-Lauenburg. Mit diesem Modell h\u00e4tte in wenigen Wochen allen Feuerwehrangeh\u00f6rigen ein Impfangebot unterbreitet werden k\u00f6nnen.\u00a0<\/span><\/li>\n<\/ul>\n<p>&nbsp;<\/p>\n<p><span style=\"font-weight: 400;\">Dieser Idee wollte das Sozialministerium nicht nachgehen. Das Innenministerium Schleswig-Holsteins, in deren Verantwortlichkeit die Feuerwehren liegen, hat gro\u00dfe zustimmende Signale hierzu verlauten lassen (1).<\/span><\/p>\n<p><span style=\"font-weight: 400;\">In Deutschland gab es Stand 2017 22.346 Freiwillige Feuerwehren mit insgesamt 994.042 Mitgliedern (2). Hiervon fast 50.000 in Schleswig-Holstein (3). Das sind knapp 1,73 % der Schleswig-Holsteiner*innen. Im Jahr 2019 sind die Feuerwehren in ganz Schleswig-Holstein 42.201 Eins\u00e4tze gefahren (2).<\/span><\/p>\n<p><span style=\"font-weight: 400;\">Hierzu \u00e4u\u00dfert sich Karen Stegelmann, Vorstandsmitglied der Gr\u00fcnen Jugend Kiel und selbst aktives Mitglied in einer Freiwilligen Feuerwehr: <\/span><span style=\"font-weight: 400;\">\u201cFeuerwehren werden in der Gesellschaft leider viel zu h\u00e4ufig als Selbstverst\u00e4ndlichkeit wahrgenommen. Es kommt leider viel zu oft vor, dass Kamerad*innen k\u00f6rperlich angegangen werden. Die B\u00fcrger*innen wissen, dass sie Hilfe bekommen, wenn sie die 112 w\u00e4hlen. Dass die Menschen, die ihnen helfen und teilweise das eigene Leben und die eigene Gesundheit aufs Spiel setzen, dies freiwillig tun und daf\u00fcr auch kein Geld bekommen, wird dabei gerne einfach vergessen. Das Coronavirus bedroht uns alle jeden Tag. Feuerwehreins\u00e4tze erledigt man nicht von zuhause aus dem Homeoffice. Wir bleiben nicht auf der Couch in unseren sicheren Wohnungen sitzen. Wir sind gef\u00e4hrdeter als manch andere, die einfach zuhause bleiben k\u00f6nnen. Dementsprechend sind wir sehr entt\u00e4uscht \u00fcber die scheinbare Gleichg\u00fcltigkeit, die das Sozialministerium Menschen, die ein solches Ehrenamt aus\u00fcben, entgegenbringt!\u201d\u00a0<\/span><\/p>\n<p><a href=\"https:\/\/www.lfv-sh.de\/fileadmin\/download\/CoVid19\/20210430_Rundbrief_Impfen_LBM.pdf\"><span style=\"font-weight: 400;\">[1] https:\/\/www.lfv-sh.de\/fileadmin\/download\/CoVid19\/20210430_Rundbrief_Impfen_LBM.pdf<\/span><\/a><\/p>\n<p><a href=\"https:\/\/www.feuerwehrverband.de\/app\/uploads\/2020\/05\/Statistik.pdf\"><span style=\"font-weight: 400;\">[2] https:\/\/www.feuerwehrverband.de\/app\/uploads\/2020\/05\/Statistik.pdf<\/span><\/a><\/p>\n<p><a href=\"https:\/\/www.lfv-sh.de\/index.php?id=27\"><span style=\"font-weight: 400;\">[3] https:\/\/www.lfv-sh.de\/index.php?id=27<\/span><\/a><\/p>\n","protected":false},"excerpt":{"rendered":"<p>Seit dem 10.05.2021 k\u00f6nnen sich Menschen, die in der Impfpriorisierungsgruppe 3 sind, gegen das Coronavirus impfen lassen. Angeh\u00f6rige der Freiwilligen Feuerwehren sind Teil dieser Gruppe. Trotz der Bem\u00fchungen des Landesfeuerwehrverbands Schleswig-Holsteins (LFV-SH) ist das Ministerium f\u00fcr Soziales, Gesundheit, Jugend, Familie und Senioren des Landes Schleswig-Holstein (MSGJFS) nicht bereit, die Feuerwehren bei dem Wunsch nach Erleichterung [&hellip;]<\/p>\n","protected":false},"author":11,"featured_media":905,"comment_status":"open","ping_status":"open","sticky":false,"template":"","format":"standard","meta":{"footnotes":""},"categories":[4,5],"tags":[133,132,134,135],"class_list":["post-904","post","type-post","status-publish","format-standard","has-post-thumbnail","hentry","category-news","category-pressemitteilungen","tag-feuerwehr","tag-freiwillige-feuerwehr","tag-impfungen","tag-priorisierung"],"jetpack_featured_media_url":"https:\/\/gruenejugend-kiel.de\/wp-content\/uploads\/2021\/05\/fire-5205380_1920.jpg","_links":{"self":[{"href":"https:\/\/gruenejugend-kiel.de\/index.php?rest_route=\/wp\/v2\/posts\/904","targetHints":{"allow":["GET"]}}],"collection":[{"href":"https:\/\/gruenejugend-kiel.de\/index.php?rest_route=\/wp\/v2\/posts"}],"about":[{"href":"https:\/\/gruenejugend-kiel.de\/index.php?rest_route=\/wp\/v2\/types\/post"}],"author":[{"embeddable":true,"href":"https:\/\/gruenejugend-kiel.de\/index.php?rest_route=\/wp\/v2\/users\/11"}],"replies":[{"embeddable":true,"href":"https:\/\/gruenejugend-kiel.de\/index.php?rest_route=%2Fwp%2Fv2%2Fcomments&post=904"}],"version-history":[{"count":3,"href":"https:\/\/gruenejugend-kiel.de\/index.php?rest_route=\/wp\/v2\/posts\/904\/revisions"}],"predecessor-version":[{"id":921,"href":"https:\/\/gruenejugend-kiel.de\/index.php?rest_route=\/wp\/v2\/posts\/904\/revisions\/921"}],"wp:featuredmedia":[{"embeddable":true,"href":"https:\/\/gruenejugend-kiel.de\/index.php?rest_route=\/wp\/v2\/media\/905"}],"wp:attachment":[{"href":"https:\/\/gruenejugend-kiel.de\/index.php?rest_route=%2Fwp%2Fv2%2Fmedia&parent=904"}],"wp:term":[{"taxonomy":"category","embeddable":true,"href":"https:\/\/gruenejugend-kiel.de\/index.php?rest_route=%2Fwp%2Fv2%2Fcategories&post=904"},{"taxonomy":"post_tag","embeddable":true,"href":"https:\/\/gruenejugend-kiel.de\/index.php?rest_route=%2Fwp%2Fv2%2Ftags&post=904"}],"curies":[{"name":"wp","href":"https:\/\/api.w.org\/{rel}","templated":true}]}}