{"id":922,"date":"2021-06-06T14:56:21","date_gmt":"2021-06-06T13:56:21","guid":{"rendered":"http:\/\/gruenejugend-kiel.de\/?p=922"},"modified":"2021-06-06T14:57:05","modified_gmt":"2021-06-06T13:57:05","slug":"konsequenzen-fuer-spahns-menschenverachtende-politik","status":"publish","type":"post","link":"https:\/\/gruenejugend-kiel.de\/?p=922","title":{"rendered":"Konsequenzen f\u00fcr Spahns menschenverachtende Politik"},"content":{"rendered":"<p><span style=\"font-weight: 400;\">Laut SPIEGEL-Recherchen plante das Bundesgesundheitsministerium unter Jens Spahn, defekte Masken, die f\u00fcr ca. eine Milliarde Euro vom Ministerium eingekauft wurden, an Menschen mit Behinderung, Obdachlose und Arbeitslose zu verteilen.<\/span><\/p>\n<p><span style=\"font-weight: 400;\">Hierzu \u00e4u\u00dfert sich Nelly Waldeck, Sprecherin der Gr\u00fcnen Jugend Kiel: \u201cDas Ausgeben von mangelhaften Masken ist nur ein Beispiel f\u00fcr die menschenverachtende Politik, die gegen\u00fcber Geringverdiener*innen, Menschen mit Behinderungen und Obdachlosen von der CDU\/CSU gefahren wird. Die FFP2-Pflicht ohne sozialen Ausgleich, das Schlie\u00dfen von Tafeln ohne Alternativl\u00f6sung und das Versagen der Unterbringung obdachloser Menschen w\u00e4hrend der Pandemie zeigen, dass die Union kein Interesse daran hat, Politik f\u00fcr die gesamte Gesellschaft zu machen.\u201d<\/span><\/p>\n<p><span style=\"font-weight: 400;\">Lars Brommann, Sprecher der Gr\u00fcnen Jugend Kiel, erg\u00e4nzt: \u201cAngela Merkel holte Jens Spahn 2017 als innerparteilichen Kritiker in die Regierung, um ihn ins politische Abseits zu bef\u00f6rdern. Diese Entscheidung, einen nicht erst seit der Pandemie so wichtigen Posten mit Herrn Spahn zu besetzen, r\u00e4cht sich jetzt. Ein Hauskredit der Bank, in der er selbst Aufsichtsratsmitglied war, Behinderung der Presse durch Unterlassungsklagen bez\u00fcglich seines Villenkaufs, Pauschalzahlungen f\u00fcr und an Testzentren ohne Pr\u00fcfungen, Fehlinvestitionen im Milliardenbereich durch Maskenk\u00e4ufe und nun diese Herabw\u00fcrdigung von ohnehin schon marginalisierten Teilen der Gesellschaft bedeuten f\u00fcr uns nur eines: Jens Spahn muss endlich Konsequenzen ziehen und seinen Posten als Gesundheitsminister r\u00e4umen!\u201d<\/span><\/p>\n","protected":false},"excerpt":{"rendered":"<p>Laut SPIEGEL-Recherchen plante das Bundesgesundheitsministerium unter Jens Spahn, defekte Masken, die f\u00fcr ca. eine Milliarde Euro vom Ministerium eingekauft wurden, an Menschen mit Behinderung, Obdachlose und Arbeitslose zu verteilen. Hierzu \u00e4u\u00dfert sich Nelly Waldeck, Sprecherin der Gr\u00fcnen Jugend Kiel: \u201cDas Ausgeben von mangelhaften Masken ist nur ein Beispiel f\u00fcr die menschenverachtende Politik, die gegen\u00fcber Geringverdiener*innen, [&hellip;]<\/p>\n","protected":false},"author":11,"featured_media":923,"comment_status":"open","ping_status":"open","sticky":false,"template":"","format":"standard","meta":{"footnotes":""},"categories":[4,5],"tags":[142,137,138,139,131,141,136],"class_list":["post-922","post","type-post","status-publish","format-standard","has-post-thumbnail","hentry","category-news","category-pressemitteilungen","tag-arbeitslose","tag-ffp2","tag-gesundheitsministerium","tag-masken","tag-menschen-mit-behinderung","tag-obdachlose","tag-spahn"],"jetpack_featured_media_url":"https:\/\/gruenejugend-kiel.de\/wp-content\/uploads\/2021\/06\/ffp2-5937550_1920.jpg","_links":{"self":[{"href":"https:\/\/gruenejugend-kiel.de\/index.php?rest_route=\/wp\/v2\/posts\/922","targetHints":{"allow":["GET"]}}],"collection":[{"href":"https:\/\/gruenejugend-kiel.de\/index.php?rest_route=\/wp\/v2\/posts"}],"about":[{"href":"https:\/\/gruenejugend-kiel.de\/index.php?rest_route=\/wp\/v2\/types\/post"}],"author":[{"embeddable":true,"href":"https:\/\/gruenejugend-kiel.de\/index.php?rest_route=\/wp\/v2\/users\/11"}],"replies":[{"embeddable":true,"href":"https:\/\/gruenejugend-kiel.de\/index.php?rest_route=%2Fwp%2Fv2%2Fcomments&post=922"}],"version-history":[{"count":1,"href":"https:\/\/gruenejugend-kiel.de\/index.php?rest_route=\/wp\/v2\/posts\/922\/revisions"}],"predecessor-version":[{"id":924,"href":"https:\/\/gruenejugend-kiel.de\/index.php?rest_route=\/wp\/v2\/posts\/922\/revisions\/924"}],"wp:featuredmedia":[{"embeddable":true,"href":"https:\/\/gruenejugend-kiel.de\/index.php?rest_route=\/wp\/v2\/media\/923"}],"wp:attachment":[{"href":"https:\/\/gruenejugend-kiel.de\/index.php?rest_route=%2Fwp%2Fv2%2Fmedia&parent=922"}],"wp:term":[{"taxonomy":"category","embeddable":true,"href":"https:\/\/gruenejugend-kiel.de\/index.php?rest_route=%2Fwp%2Fv2%2Fcategories&post=922"},{"taxonomy":"post_tag","embeddable":true,"href":"https:\/\/gruenejugend-kiel.de\/index.php?rest_route=%2Fwp%2Fv2%2Ftags&post=922"}],"curies":[{"name":"wp","href":"https:\/\/api.w.org\/{rel}","templated":true}]}}